{"id":558,"date":"2017-06-04T11:13:05","date_gmt":"2017-06-04T08:13:05","guid":{"rendered":"http:\/\/bonis-avibus.fi\/bonis-avibus\/?p=558"},"modified":"2017-11-08T19:04:33","modified_gmt":"2017-11-08T17:04:33","slug":"leissi","status":"publish","type":"post","link":"https:\/\/bonis-avibus.fi\/bonis-avibus\/2017\/06\/04\/leissi\/","title":{"rendered":"J\u00e4ljet kehossa"},"content":{"rendered":"<p>Bostonin yliopiston psykiatrian professori Bessel van der Kolk on el\u00e4m\u00e4nty\u00f6n\u00e4\u00e4n tutkinut traumaattista stressi\u00e4. Olin mukana seminaarissa, kun h\u00e4n vieraili ensi kertaa Suomessa luennoimassa \u00e4\u00e4rimm\u00e4isen vaikeista traumoista selviytymisen mekanismeista.<br \/>\n<!--more--><br \/>\nEsitin samaisessa seminaarissa audiovisuaalisen teoksen &#8221;Laulaako vesi&#8221;. Olin tehnyt sen audionauhoista ja luontokuvista. Teos kuvasi puolisoni sy\u00f6p\u00e4\u00e4n sairastumisen synnytt\u00e4m\u00e4\u00e4 tunneprosessia.<\/p>\n<p>Suosittelen kaikille rankkojen traumojen kanssa kamppaileville tai heid\u00e4n l\u00e4heisilleen Kolkin <a href=\"https:\/\/www.adlibris.com\/fi\/kirja\/jaljet-kehossa-9789522605108\"><strong>J\u00e4ljet kehossa<\/strong><\/a> kirjaa.<\/p>\n<p><img loading=\"lazy\" decoding=\"async\" class=\"alignnone size-medium wp-image-3415\" src=\"http:\/\/bonis-avibus.fi\/bonis-avibus\/wp-content\/uploads\/2017\/06\/Kolk-210x300.jpg\" alt=\"\" width=\"210\" height=\"300\" srcset=\"https:\/\/bonis-avibus.fi\/bonis-avibus\/wp-content\/uploads\/2017\/06\/Kolk-210x300.jpg 210w, https:\/\/bonis-avibus.fi\/bonis-avibus\/wp-content\/uploads\/2017\/06\/Kolk.jpg 448w\" sizes=\"auto, (max-width: 210px) 100vw, 210px\" \/><\/p>\n<p>Bessel van der Kolk on omistanut kirjan potilailleen &lt;3<\/p>\n<p><img loading=\"lazy\" decoding=\"async\" class=\"alignnone wp-image-3416\" src=\"http:\/\/bonis-avibus.fi\/bonis-avibus\/wp-content\/uploads\/2017\/06\/Kolk-1-300x81.jpg\" alt=\"\" width=\"437\" height=\"118\" srcset=\"https:\/\/bonis-avibus.fi\/bonis-avibus\/wp-content\/uploads\/2017\/06\/Kolk-1-300x81.jpg 300w, https:\/\/bonis-avibus.fi\/bonis-avibus\/wp-content\/uploads\/2017\/06\/Kolk-1-768x208.jpg 768w, https:\/\/bonis-avibus.fi\/bonis-avibus\/wp-content\/uploads\/2017\/06\/Kolk-1-1024x277.jpg 1024w, https:\/\/bonis-avibus.fi\/bonis-avibus\/wp-content\/uploads\/2017\/06\/Kolk-1-800x217.jpg 800w\" sizes=\"auto, (max-width: 437px) 100vw, 437px\" \/><\/p>\n<p>&nbsp;<\/p>\n","protected":false},"excerpt":{"rendered":"<p>Bostonin yliopiston psykiatrian professori Bessel van der Kolk on el\u00e4m\u00e4nty\u00f6n\u00e4\u00e4n tutkinut traumaattista stressi\u00e4. Olin mukana seminaarissa, kun h\u00e4n vieraili ensi kertaa Suomessa luennoimassa \u00e4\u00e4rimm\u00e4isen vaikeista traumoista selviytymisen mekanismeista.<\/p>\n","protected":false},"author":2,"featured_media":0,"comment_status":"closed","ping_status":"closed","sticky":false,"template":"","format":"quote","meta":{"footnotes":""},"categories":[8],"tags":[],"class_list":["post-558","post","type-post","status-publish","format-quote","hentry","category-kirjavinkit","post_format-post-format-quote"],"_links":{"self":[{"href":"https:\/\/bonis-avibus.fi\/bonis-avibus\/wp-json\/wp\/v2\/posts\/558","targetHints":{"allow":["GET"]}}],"collection":[{"href":"https:\/\/bonis-avibus.fi\/bonis-avibus\/wp-json\/wp\/v2\/posts"}],"about":[{"href":"https:\/\/bonis-avibus.fi\/bonis-avibus\/wp-json\/wp\/v2\/types\/post"}],"author":[{"embeddable":true,"href":"https:\/\/bonis-avibus.fi\/bonis-avibus\/wp-json\/wp\/v2\/users\/2"}],"replies":[{"embeddable":true,"href":"https:\/\/bonis-avibus.fi\/bonis-avibus\/wp-json\/wp\/v2\/comments?post=558"}],"version-history":[{"count":7,"href":"https:\/\/bonis-avibus.fi\/bonis-avibus\/wp-json\/wp\/v2\/posts\/558\/revisions"}],"predecessor-version":[{"id":3906,"href":"https:\/\/bonis-avibus.fi\/bonis-avibus\/wp-json\/wp\/v2\/posts\/558\/revisions\/3906"}],"wp:attachment":[{"href":"https:\/\/bonis-avibus.fi\/bonis-avibus\/wp-json\/wp\/v2\/media?parent=558"}],"wp:term":[{"taxonomy":"category","embeddable":true,"href":"https:\/\/bonis-avibus.fi\/bonis-avibus\/wp-json\/wp\/v2\/categories?post=558"},{"taxonomy":"post_tag","embeddable":true,"href":"https:\/\/bonis-avibus.fi\/bonis-avibus\/wp-json\/wp\/v2\/tags?post=558"}],"curies":[{"name":"wp","href":"https:\/\/api.w.org\/{rel}","templated":true}]}}